{"id":192,"date":"2015-11-15T16:14:02","date_gmt":"2015-11-15T14:14:02","guid":{"rendered":"http:\/\/poledanceaddict.net\/site\/?p=192"},"modified":"2016-09-24T11:03:15","modified_gmt":"2016-09-24T09:03:15","slug":"foire-internationale-de-grenoble-automne-2015-pole-dance-addict-presente-pour-des-demonstrations","status":"publish","type":"post","link":"https:\/\/poledanceaddict.net\/site\/?p=192","title":{"rendered":"Foire internationale de Grenoble Automne 2015\u00a0: Pole dance addict pr\u00e9sente pour des d\u00e9monstrations"},"content":{"rendered":"<p><strong>Foire Internationale 2016<\/strong><\/p>\n<p>Pour la troisi\u00e8me ann\u00e9e cons\u00e9cutive notre \u00e9cole sera pr\u00e9sente \u00e0 la foire internationale de Grenoble le mardi 8 novembre pour des d\u00e9monstrations de Pole Dance sur le podium central \u00e0 12H 13H 18H et 18H30<\/p>\n<p><a href=\"https:\/\/www.facebook.com\/events\/840428522759364\/\" target=\"_blank\">Retrouvez cet \u00e9v\u00e9nement sur notre page facebook<\/a><\/p>\n<p><strong>Foire Internationale 2015<\/strong><\/p>\n<p><a href=\"http:\/\/poledanceaddict.net\/site\/wp-content\/uploads\/2015\/08\/image14.jpg\" target=\"_blank\" data-rel=\"lightbox-image-0\" data-rl_title=\"\" data-rl_caption=\"\" title=\"\"><img loading=\"lazy\" decoding=\"async\" class=\"aligncenter wp-image-640 size-medium\" src=\"http:\/\/poledanceaddict.net\/site\/wp-content\/uploads\/2015\/08\/image14-300x151.jpg\" alt=\"image1(4)\" width=\"300\" height=\"151\" srcset=\"https:\/\/poledanceaddict.net\/site\/wp-content\/uploads\/2015\/08\/image14-300x151.jpg 300w, https:\/\/poledanceaddict.net\/site\/wp-content\/uploads\/2015\/08\/image14-1024x517.jpg 1024w\" sizes=\"auto, (max-width: 300px) 100vw, 300px\" \/><\/a><\/p>\n<p>La foire internationale de Grenoble est un v\u00e9ritable \u00e9v\u00e9nement pour tous les grenoblois. En 2014,\u00a0notre \u00e9cole a eu le prestige d\u2019animer des ateliers d\u00e9couvertes de la pole dance lors de la journ\u00e9e d\u00e9di\u00e9e \u00e0 la femme pendant la foire.<\/p>\n<p>Cet automne encore, nous avons \u00e9t\u00e9 pr\u00e9sents, les vendredis 6 et 13 novemebre, pour des d\u00e9monstrations sur le podium principal mais aussi pour aller \u00e0 la rencontre du public et faire d\u00e9couvrir la pole dance tout au long de ces journ\u00e9es au sein de notre stand.<\/p>\n<p><a href=\"http:\/\/poledanceaddict.net\/site\/wp-content\/uploads\/2015\/10\/Article-Dauphin\u00e9-Foire-Grenoble-2015.jpg\" target=\"_blank\" data-rel=\"lightbox-image-1\" data-rl_title=\"\" data-rl_caption=\"\" title=\"\"><img loading=\"lazy\" decoding=\"async\" class=\"aligncenter wp-image-649 size-medium\" src=\"http:\/\/poledanceaddict.net\/site\/wp-content\/uploads\/2015\/10\/Article-Dauphin\u00e9-Foire-Grenoble-2015-300x220.jpg\" alt=\"Article Dauphin\u00e9 Foire Grenoble 2015\" width=\"300\" height=\"220\" srcset=\"https:\/\/poledanceaddict.net\/site\/wp-content\/uploads\/2015\/10\/Article-Dauphin\u00e9-Foire-Grenoble-2015-300x220.jpg 300w, https:\/\/poledanceaddict.net\/site\/wp-content\/uploads\/2015\/10\/Article-Dauphin\u00e9-Foire-Grenoble-2015.jpg 679w\" sizes=\"auto, (max-width: 300px) 100vw, 300px\" \/><\/a><\/p>\n<p>Lors de ces belles journ\u00e9es Ingrid fut interview\u00e9e par France 3 pour l\u2019\u00e9mission Rhone-Alpes Matin, retrouvez-la \u00e0 20min56: <a href=\"http:\/\/m.france3-regions.francetvinfo.fr\/alpes\/emissions\/rhone-alpes-matin\" target=\"_blank\">Interview Rhone Alpes Matin<\/a> et film\u00e9e pour le journal r\u00e9gional lors d\u2019une de ses d\u00e9monstrations \u00e0 1min05 : <a href=\"http:\/\/france3-regions.francetvinfo.fr\/alpes\/isere\/grenoble\/la-foire-de-grenoble-retrouve-un-nouveau-souffle-846947.html\" target=\"_blank\">France 3 R\u00e9gions<\/a><\/p>\n<p><strong>Foire internationale 2014<\/strong><\/p>\n<p>Vous pouvez \u00e9galement nous retrouver dans le teaser officiel de la foire de l\u2019ann\u00e9e 2014 :<\/p>\n<p><iframe loading=\"lazy\"  id=\"_ytid_48692\"  width=\"1032\" height=\"581\"  data-origwidth=\"1032\" data-origheight=\"581\" src=\"https:\/\/www.youtube.com\/embed\/9-5NRFhHU6g?enablejsapi=1&autoplay=0&cc_load_policy=0&cc_lang_pref=&iv_load_policy=1&loop=0&rel=1&fs=1&playsinline=0&autohide=2&theme=dark&color=red&controls=1&disablekb=0&\" class=\"__youtube_prefs__  epyt-is-override  no-lazyload\" title=\"YouTube player\"  allow=\"fullscreen; accelerometer; autoplay; clipboard-write; encrypted-media; gyroscope; picture-in-picture; web-share\" referrerpolicy=\"strict-origin-when-cross-origin\" allowfullscreen data-no-lazy=\"1\" data-skipgform_ajax_framebjll=\"\"><\/iframe><\/p>\n","protected":false},"excerpt":{"rendered":"<p>Foire Internationale 2016 Pour la troisi\u00e8me ann\u00e9e cons\u00e9cutive notre \u00e9cole sera pr\u00e9sente \u00e0 la foire internationale de Grenoble le mardi 8 novembre pour des d\u00e9monstrations &hellip;<\/p>\n","protected":false},"author":1,"featured_media":0,"comment_status":"closed","ping_status":"open","sticky":false,"template":"","format":"standard","meta":{"footnotes":""},"categories":[25],"tags":[],"class_list":["post-192","post","type-post","status-publish","format-standard","hentry","category-revue-de-presse"],"_links":{"self":[{"href":"https:\/\/poledanceaddict.net\/site\/index.php?rest_route=\/wp\/v2\/posts\/192","targetHints":{"allow":["GET"]}}],"collection":[{"href":"https:\/\/poledanceaddict.net\/site\/index.php?rest_route=\/wp\/v2\/posts"}],"about":[{"href":"https:\/\/poledanceaddict.net\/site\/index.php?rest_route=\/wp\/v2\/types\/post"}],"author":[{"embeddable":true,"href":"https:\/\/poledanceaddict.net\/site\/index.php?rest_route=\/wp\/v2\/users\/1"}],"replies":[{"embeddable":true,"href":"https:\/\/poledanceaddict.net\/site\/index.php?rest_route=%2Fwp%2Fv2%2Fcomments&post=192"}],"version-history":[{"count":8,"href":"https:\/\/poledanceaddict.net\/site\/index.php?rest_route=\/wp\/v2\/posts\/192\/revisions"}],"predecessor-version":[{"id":857,"href":"https:\/\/poledanceaddict.net\/site\/index.php?rest_route=\/wp\/v2\/posts\/192\/revisions\/857"}],"wp:attachment":[{"href":"https:\/\/poledanceaddict.net\/site\/index.php?rest_route=%2Fwp%2Fv2%2Fmedia&parent=192"}],"wp:term":[{"taxonomy":"category","embeddable":true,"href":"https:\/\/poledanceaddict.net\/site\/index.php?rest_route=%2Fwp%2Fv2%2Fcategories&post=192"},{"taxonomy":"post_tag","embeddable":true,"href":"https:\/\/poledanceaddict.net\/site\/index.php?rest_route=%2Fwp%2Fv2%2Ftags&post=192"}],"curies":[{"name":"wp","href":"https:\/\/api.w.org\/{rel}","templated":true}]}}