{"id":986,"date":"2017-07-15T21:28:57","date_gmt":"2017-07-15T20:28:57","guid":{"rendered":"http:\/\/poledanceaddict.net\/site\/?p=986"},"modified":"2017-08-13T13:17:52","modified_gmt":"2017-08-13T12:17:52","slug":"986","status":"publish","type":"post","link":"https:\/\/poledanceaddict.net\/site\/?p=986","title":{"rendered":"REVUE DE PRESSE CHAMPIONNAT DE FRANCE DE POLE DANCE 2017"},"content":{"rendered":"<p>Apr\u00e8s une longue pr\u00e9paration pour les championnats de France, ax\u00e9e sur l\u2019artistique et le cardio, l\u2019\u00e9cole est fi\u00e8re des r\u00e9sultats obtenus par Carla Bonomo en cat\u00e9gorie Elite Youth (Ado) et Ingrid Lauroz en cat\u00e9gorie Elite Adulte Femme respectivement vice championne de France 2017 \u00a0et championne de France 2017.<br \/>\nDe retour \u00e0 Grenoble, nous avons eu le plaisir de recevoir un journaliste du Dauphin\u00e9 Lib\u00e9r\u00e9, une <a href=\"http:\/\/france3-regions.francetvinfo.fr\/auvergne-rhone-alpes\/isere\/grenobloise-championne-france-pole-dance-1292305.html\" target=\"_blank\" rel=\"noopener noreferrer\">\u00e9quipe de France 3 Alpes<\/a>, d\u2019\u00eatre relay\u00e9 par le magazine<a href=\"http:\/\/lesportdauphinois.com\/2017\/07\/09\/ingrid-lauroz-championne-de-france-de-pole-dance\/?utm_source=Sociallymap&utm_medium=Sociallymap&utm_campaign=Sociallymap\" target=\"_blank\" rel=\"noopener noreferrer\"> le sport dauphinois<\/a> et serons interview\u00e9es en direct par France Bleu Is\u00e8re (le vendredi 21 juillet \u00e0 17H40 en direct)\u00a0<a href=\"https:\/\/vimeo.com\/228540422\" target=\"_blank\" rel=\"noopener noreferrer\">\u00e9coutez l\u2019interview sur ce lien<\/a><\/p>\n<figure id=\"attachment_987\" aria-describedby=\"caption-attachment-987\" style=\"width: 239px\" class=\"wp-caption aligncenter\"><a href=\"http:\/\/poledanceaddict.net\/site\/wp-content\/uploads\/2017\/07\/19575394_740804669461161_5929213886615615800_o.jpg\" data-rel=\"lightbox-image-0\" data-rl_title=\"\" data-rl_caption=\"\" title=\"\"><img loading=\"lazy\" decoding=\"async\" class=\"size-medium wp-image-987\" src=\"http:\/\/poledanceaddict.net\/site\/wp-content\/uploads\/2017\/07\/19575394_740804669461161_5929213886615615800_o-239x300.jpg\" alt=\"\" width=\"239\" height=\"300\" srcset=\"https:\/\/poledanceaddict.net\/site\/wp-content\/uploads\/2017\/07\/19575394_740804669461161_5929213886615615800_o-239x300.jpg 239w, https:\/\/poledanceaddict.net\/site\/wp-content\/uploads\/2017\/07\/19575394_740804669461161_5929213886615615800_o-768x965.jpg 768w, https:\/\/poledanceaddict.net\/site\/wp-content\/uploads\/2017\/07\/19575394_740804669461161_5929213886615615800_o-815x1024.jpg 815w, https:\/\/poledanceaddict.net\/site\/wp-content\/uploads\/2017\/07\/19575394_740804669461161_5929213886615615800_o.jpg 955w\" sizes=\"auto, (max-width: 239px) 100vw, 239px\" \/><\/a><figcaption id=\"caption-attachment-987\" class=\"wp-caption-text\">Voici l\u2019article paru dans le Dauphin\u00e9 lib\u00e9r\u00e9 le 30 juin 2017<\/figcaption><\/figure>\n<figure id=\"attachment_988\" aria-describedby=\"caption-attachment-988\" style=\"width: 245px\" class=\"wp-caption aligncenter\"><a href=\"http:\/\/poledanceaddict.net\/site\/wp-content\/uploads\/2017\/07\/19956587_1586118941439199_8008986695275291846_o.jpg\" data-rel=\"lightbox-image-1\" data-rl_title=\"\" data-rl_caption=\"\" title=\"\"><img loading=\"lazy\" decoding=\"async\" class=\"size-medium wp-image-988\" src=\"http:\/\/poledanceaddict.net\/site\/wp-content\/uploads\/2017\/07\/19956587_1586118941439199_8008986695275291846_o-245x300.jpg\" alt=\"\" width=\"245\" height=\"300\" srcset=\"https:\/\/poledanceaddict.net\/site\/wp-content\/uploads\/2017\/07\/19956587_1586118941439199_8008986695275291846_o-245x300.jpg 245w, https:\/\/poledanceaddict.net\/site\/wp-content\/uploads\/2017\/07\/19956587_1586118941439199_8008986695275291846_o-768x941.jpg 768w, https:\/\/poledanceaddict.net\/site\/wp-content\/uploads\/2017\/07\/19956587_1586118941439199_8008986695275291846_o.jpg 816w\" sizes=\"auto, (max-width: 245px) 100vw, 245px\" \/><\/a><figcaption id=\"caption-attachment-988\" class=\"wp-caption-text\">Photo officielle FFD prise lors du championnat de france de Pole Dance<\/figcaption><\/figure>\n<figure id=\"attachment_992\" aria-describedby=\"caption-attachment-992\" style=\"width: 300px\" class=\"wp-caption aligncenter\"><a href=\"http:\/\/poledanceaddict.net\/site\/wp-content\/uploads\/2017\/07\/20251296_1504117519627293_1586992110_o.jpg\" data-rel=\"lightbox-image-2\" data-rl_title=\"\" data-rl_caption=\"\" title=\"\"><img loading=\"lazy\" decoding=\"async\" class=\"size-medium wp-image-992\" src=\"http:\/\/poledanceaddict.net\/site\/wp-content\/uploads\/2017\/07\/20251296_1504117519627293_1586992110_o-300x169.jpg\" alt=\"\" width=\"300\" height=\"169\" srcset=\"https:\/\/poledanceaddict.net\/site\/wp-content\/uploads\/2017\/07\/20251296_1504117519627293_1586992110_o-300x169.jpg 300w, https:\/\/poledanceaddict.net\/site\/wp-content\/uploads\/2017\/07\/20251296_1504117519627293_1586992110_o-768x432.jpg 768w, https:\/\/poledanceaddict.net\/site\/wp-content\/uploads\/2017\/07\/20251296_1504117519627293_1586992110_o-1024x576.jpg 1024w, https:\/\/poledanceaddict.net\/site\/wp-content\/uploads\/2017\/07\/20251296_1504117519627293_1586992110_o.jpg 1334w\" sizes=\"auto, (max-width: 300px) 100vw, 300px\" \/><\/a><figcaption id=\"caption-attachment-992\" class=\"wp-caption-text\">Nelly de France Bleu Is\u00e8re a invit\u00e9 Ingrid pour revenir sur son deuxi\u00e8me titre de championne de France de Pole Dance<\/figcaption><\/figure>\n<figure id=\"attachment_994\" aria-describedby=\"caption-attachment-994\" style=\"width: 169px\" class=\"wp-caption aligncenter\"><a href=\"http:\/\/poledanceaddict.net\/site\/wp-content\/uploads\/2017\/07\/20273056_1504117522960626_1219169559_o.jpg\" data-rel=\"lightbox-image-3\" data-rl_title=\"\" data-rl_caption=\"\" title=\"\"><img loading=\"lazy\" decoding=\"async\" class=\"wp-image-994 size-medium\" src=\"http:\/\/poledanceaddict.net\/site\/wp-content\/uploads\/2017\/07\/20273056_1504117522960626_1219169559_o-169x300.jpg\" alt=\"\" width=\"169\" height=\"300\" srcset=\"https:\/\/poledanceaddict.net\/site\/wp-content\/uploads\/2017\/07\/20273056_1504117522960626_1219169559_o-169x300.jpg 169w, https:\/\/poledanceaddict.net\/site\/wp-content\/uploads\/2017\/07\/20273056_1504117522960626_1219169559_o-576x1024.jpg 576w, https:\/\/poledanceaddict.net\/site\/wp-content\/uploads\/2017\/07\/20273056_1504117522960626_1219169559_o.jpg 750w\" sizes=\"auto, (max-width: 169px) 100vw, 169px\" \/><\/a><figcaption id=\"caption-attachment-994\" class=\"wp-caption-text\">Screenshot du reportage de France 3 Alpes<\/figcaption><\/figure>\n<p>\u00a0<\/p>\n","protected":false},"excerpt":{"rendered":"<p>Apr\u00e8s une longue pr\u00e9paration pour les championnats de France, ax\u00e9e sur l\u2019artistique et le cardio, l\u2019\u00e9cole est fi\u00e8re des r\u00e9sultats obtenus par Carla Bonomo en &hellip;<\/p>\n","protected":false},"author":2,"featured_media":0,"comment_status":"closed","ping_status":"open","sticky":false,"template":"","format":"video","meta":{"footnotes":""},"categories":[25],"tags":[],"class_list":["post-986","post","type-post","status-publish","format-video","hentry","category-revue-de-presse","post_format-post-format-video"],"_links":{"self":[{"href":"https:\/\/poledanceaddict.net\/site\/index.php?rest_route=\/wp\/v2\/posts\/986","targetHints":{"allow":["GET"]}}],"collection":[{"href":"https:\/\/poledanceaddict.net\/site\/index.php?rest_route=\/wp\/v2\/posts"}],"about":[{"href":"https:\/\/poledanceaddict.net\/site\/index.php?rest_route=\/wp\/v2\/types\/post"}],"author":[{"embeddable":true,"href":"https:\/\/poledanceaddict.net\/site\/index.php?rest_route=\/wp\/v2\/users\/2"}],"replies":[{"embeddable":true,"href":"https:\/\/poledanceaddict.net\/site\/index.php?rest_route=%2Fwp%2Fv2%2Fcomments&post=986"}],"version-history":[{"count":5,"href":"https:\/\/poledanceaddict.net\/site\/index.php?rest_route=\/wp\/v2\/posts\/986\/revisions"}],"predecessor-version":[{"id":1018,"href":"https:\/\/poledanceaddict.net\/site\/index.php?rest_route=\/wp\/v2\/posts\/986\/revisions\/1018"}],"wp:attachment":[{"href":"https:\/\/poledanceaddict.net\/site\/index.php?rest_route=%2Fwp%2Fv2%2Fmedia&parent=986"}],"wp:term":[{"taxonomy":"category","embeddable":true,"href":"https:\/\/poledanceaddict.net\/site\/index.php?rest_route=%2Fwp%2Fv2%2Fcategories&post=986"},{"taxonomy":"post_tag","embeddable":true,"href":"https:\/\/poledanceaddict.net\/site\/index.php?rest_route=%2Fwp%2Fv2%2Ftags&post=986"}],"curies":[{"name":"wp","href":"https:\/\/api.w.org\/{rel}","templated":true}]}}